{"id":35919,"date":"2015-03-17T22:27:25","date_gmt":"2015-03-17T20:27:25","guid":{"rendered":"http:\/\/modisti.tk\/15\/?p=35919"},"modified":"2015-12-31T16:48:27","modified_gmt":"2015-12-31T14:48:27","slug":"festival-musique-action-2015","status":"publish","type":"post","link":"https:\/\/modisti.com\/15\/festival-musique-action-2015\/","title":{"rendered":"Festival Musique Action 2015"},"content":{"rendered":"<p><img loading=\"lazy\" decoding=\"async\" src=\"http:\/\/modisti.tk\/15\/wp-content\/uploads\/2015\/03\/Festival-Musique-Action-2015.jpg\" alt=\"Festival Musique Action 2015\" width=\"600\" height=\"628\" class=\"alignnone size-full wp-image-35920\" srcset=\"https:\/\/modisti.com\/15\/wp-content\/uploads\/2015\/03\/Festival-Musique-Action-2015.jpg 600w, https:\/\/modisti.com\/15\/wp-content\/uploads\/2015\/03\/Festival-Musique-Action-2015-287x300.jpg 287w\" sizes=\"auto, (max-width: 600px) 100vw, 600px\" \/><\/p>\n<p>Musique Action 2015 se pr\u00e9sente comme un long parcours de 3 semaines.<br \/>\nUne colonne vert\u00e9brale et dynamique appel\u00e9e ((OW-AO))#3 permet, \u00e0 l&#8217;initiative de Patricia Dallio, de suivre en 8 concerts autant de rencontres transdisciplinaires. Ces temps in\u00e9dits et inou\u00efs sont autant d&#8217;entr\u00e9es possibles dans les univers contemporains que le festival d\u00e9fend par ailleurs. L&#8217;\u00e9lectronique interactive est tr\u00e8s pr\u00e9sente cette ann\u00e9e avec des cr\u00e9ations qui attachent de plus en plus d&#8217;importance \u00e0 la dimension sc\u00e9nographique. Le socle de Musique Action, celui de l&#8217;improvisation acoustique et \u00e9lectrique, demeure<br \/>\n\u00e9galement solide, et bien d&#8217;autres encore activeront vos sens. Une aventure artistique, tout simplement.<\/p>\n<p><a href=\"http:\/\/www.musiqueaction.com\/\">www.musiqueaction.com<\/a><\/p>\n<p>&nbsp;<\/p>\n","protected":false},"excerpt":{"rendered":"<p>Musique Action 2015 se pr\u00e9sente comme un long parcours de 3 semaines. Une colonne vert\u00e9brale et dynamique appel\u00e9e ((OW-AO))#3 permet, \u00e0 l&#8217;initiative de Patricia Dallio,<\/p>\n","protected":false},"author":521,"featured_media":35920,"comment_status":"open","ping_status":"open","sticky":false,"template":"","format":"standard","meta":{"footnotes":""},"categories":[16],"tags":[],"class_list":["post-35919","post","type-post","status-publish","format-standard","has-post-thumbnail","hentry","category-concerts"],"_links":{"self":[{"href":"https:\/\/modisti.com\/15\/wp-json\/wp\/v2\/posts\/35919","targetHints":{"allow":["GET"]}}],"collection":[{"href":"https:\/\/modisti.com\/15\/wp-json\/wp\/v2\/posts"}],"about":[{"href":"https:\/\/modisti.com\/15\/wp-json\/wp\/v2\/types\/post"}],"author":[{"embeddable":true,"href":"https:\/\/modisti.com\/15\/wp-json\/wp\/v2\/users\/521"}],"replies":[{"embeddable":true,"href":"https:\/\/modisti.com\/15\/wp-json\/wp\/v2\/comments?post=35919"}],"version-history":[{"count":0,"href":"https:\/\/modisti.com\/15\/wp-json\/wp\/v2\/posts\/35919\/revisions"}],"wp:featuredmedia":[{"embeddable":true,"href":"https:\/\/modisti.com\/15\/wp-json\/wp\/v2\/media\/35920"}],"wp:attachment":[{"href":"https:\/\/modisti.com\/15\/wp-json\/wp\/v2\/media?parent=35919"}],"wp:term":[{"taxonomy":"category","embeddable":true,"href":"https:\/\/modisti.com\/15\/wp-json\/wp\/v2\/categories?post=35919"},{"taxonomy":"post_tag","embeddable":true,"href":"https:\/\/modisti.com\/15\/wp-json\/wp\/v2\/tags?post=35919"}],"curies":[{"name":"wp","href":"https:\/\/api.w.org\/{rel}","templated":true}]}}